{"id":140,"date":"2025-04-29T01:31:08","date_gmt":"2025-04-28T23:31:08","guid":{"rendered":"https:\/\/synonord.de\/fotopool\/?p=140"},"modified":"2025-04-30T01:18:00","modified_gmt":"2025-04-29T23:18:00","slug":"workshop-buehnenschminken","status":"publish","type":"post","link":"https:\/\/synonord.de\/fotopool\/workshop-buehnenschminken\/","title":{"rendered":"Workshop B\u00fchnen-Make-up"},"content":{"rendered":"<p><span style=\"font-size: 18pt;\"><strong><span style=\"font-size: 14pt;\">Fotos aus dem Workshop von <a href=\"https:\/\/fredak-mv.de\" target=\"_blank\" rel=\"noopener\">fredak MV<\/a> 2025 in Lehsten<\/span><\/strong><br \/>\n<strong><span style=\"font-size: 14pt;\">mit Maskenbildnerin Beatrice Rauch <br \/>\n<\/span><\/strong><span style=\"font-size: 14pt;\">Schnappsch\u00fcsse<br \/>\n\u00a0<\/span><\/span><\/p>\n<p><strong><img loading=\"lazy\" decoding=\"async\" class=\"alignleft size-full wp-image-129\" src=\"https:\/\/synonord.de\/fotopool\/wp-content\/uploads\/2025\/04\/download.gif\" alt=\"\" width=\"33\" height=\"23\" \/>Foto-Download:<\/strong><br \/>\nDie Vorschaubilder mit einem Klick vergr\u00f6\u00dfern | ganz oben rechts auf das Downloadsymbol (kleine Wolke mit Pfeil nach unten) klicken<\/p>\n<p>\u00a0<br \/>\nDie folgenden Fotos d\u00fcrfen ausschlie\u00dflich im Zusammenhang mit der jeweiligen B\u00fchne \/ K\u00fcnstler*in oder fredak MV genutzt und ver\u00f6ffentlicht werden. Namensnennung der Fotografin ist verpflichtend &#8211; Fotos: <a href=\"https:\/\/maren-winter.de\" target=\"_blank\" rel=\"noopener\">Maren Winter <\/a>\/ <a href=\"https:\/\/jana-sonnenberg.com\" target=\"_blank\" rel=\"noopener\">Jana Sonnenberg<\/a><\/p>\n\n\t\t<style type=\"text\/css\">\n\t\t\t#gallery-1 {\n\t\t\t\tmargin: auto;\n\t\t\t}\n\t\t\t#gallery-1 .gallery-item {\n\t\t\t\tfloat: left;\n\t\t\t\tmargin-top: 10px;\n\t\t\t\ttext-align: center;\n\t\t\t\twidth: 25%;\n\t\t\t}\n\t\t\t#gallery-1 img {\n\t\t\t\tborder: 2px solid #cfcfcf;\n\t\t\t}\n\t\t\t#gallery-1 .gallery-caption {\n\t\t\t\tmargin-left: 0;\n\t\t\t}\n\t\t\t\/* see gallery_shortcode() in wp-includes\/media.php *\/\n\t\t<\/style>\n\t\t<div id='gallery-1' class='gallery galleryid-140 gallery-columns-4 gallery-size-full'><dl class='gallery-item'>\n\t\t\t<dt class='gallery-icon landscape'>\n\t\t\t\t<a href='https:\/\/synonord.de\/fotopool\/wp-content\/uploads\/2025\/04\/fredak_Workshop_2025_mit_Maskenbildnerin_Beatrice-Rauch_Foto_Maren-Winter_010.jpg'><img loading=\"lazy\" decoding=\"async\" width=\"1500\" height=\"1000\" src=\"https:\/\/synonord.de\/fotopool\/wp-content\/uploads\/2025\/04\/fredak_Workshop_2025_mit_Maskenbildnerin_Beatrice-Rauch_Foto_Maren-Winter_010.jpg\" class=\"attachment-full size-full\" alt=\"\" srcset=\"https:\/\/synonord.de\/fotopool\/wp-content\/uploads\/2025\/04\/fredak_Workshop_2025_mit_Maskenbildnerin_Beatrice-Rauch_Foto_Maren-Winter_010.jpg 1500w, https:\/\/synonord.de\/fotopool\/wp-content\/uploads\/2025\/04\/fredak_Workshop_2025_mit_Maskenbildnerin_Beatrice-Rauch_Foto_Maren-Winter_010-350x233.jpg 350w, https:\/\/synonord.de\/fotopool\/wp-content\/uploads\/2025\/04\/fredak_Workshop_2025_mit_Maskenbildnerin_Beatrice-Rauch_Foto_Maren-Winter_010-768x512.jpg 768w\" sizes=\"auto, (max-width: 1500px) 100vw, 1500px\" \/><\/a>\n\t\t\t<\/dt><\/dl><dl class='gallery-item'>\n\t\t\t<dt class='gallery-icon landscape'>\n\t\t\t\t<a href='https:\/\/synonord.de\/fotopool\/wp-content\/uploads\/2025\/04\/fredak_Workshop_2025_mit_Maskenbildnerin_Beatrice-Rauch_Foto_Jana-Sonnenberg_015.jpg'><img loading=\"lazy\" decoding=\"async\" width=\"1500\" height=\"1000\" src=\"https:\/\/synonord.de\/fotopool\/wp-content\/uploads\/2025\/04\/fredak_Workshop_2025_mit_Maskenbildnerin_Beatrice-Rauch_Foto_Jana-Sonnenberg_015.jpg\" class=\"attachment-full size-full\" alt=\"\" srcset=\"https:\/\/synonord.de\/fotopool\/wp-content\/uploads\/2025\/04\/fredak_Workshop_2025_mit_Maskenbildnerin_Beatrice-Rauch_Foto_Jana-Sonnenberg_015.jpg 1500w, https:\/\/synonord.de\/fotopool\/wp-content\/uploads\/2025\/04\/fredak_Workshop_2025_mit_Maskenbildnerin_Beatrice-Rauch_Foto_Jana-Sonnenberg_015-350x233.jpg 350w, https:\/\/synonord.de\/fotopool\/wp-content\/uploads\/2025\/04\/fredak_Workshop_2025_mit_Maskenbildnerin_Beatrice-Rauch_Foto_Jana-Sonnenberg_015-768x512.jpg 768w\" sizes=\"auto, (max-width: 1500px) 100vw, 1500px\" \/><\/a>\n\t\t\t<\/dt><\/dl><dl class='gallery-item'>\n\t\t\t<dt class='gallery-icon landscape'>\n\t\t\t\t<a href='https:\/\/synonord.de\/fotopool\/wp-content\/uploads\/2025\/04\/fredak_Workshop_2025_mit_Maskenbildnerin_Beatrice-Rauch_Foto_Maren-Winter_002.jpg'><img loading=\"lazy\" decoding=\"async\" width=\"1500\" height=\"1000\" src=\"https:\/\/synonord.de\/fotopool\/wp-content\/uploads\/2025\/04\/fredak_Workshop_2025_mit_Maskenbildnerin_Beatrice-Rauch_Foto_Maren-Winter_002.jpg\" class=\"attachment-full size-full\" alt=\"\" srcset=\"https:\/\/synonord.de\/fotopool\/wp-content\/uploads\/2025\/04\/fredak_Workshop_2025_mit_Maskenbildnerin_Beatrice-Rauch_Foto_Maren-Winter_002.jpg 1500w, https:\/\/synonord.de\/fotopool\/wp-content\/uploads\/2025\/04\/fredak_Workshop_2025_mit_Maskenbildnerin_Beatrice-Rauch_Foto_Maren-Winter_002-350x233.jpg 350w, https:\/\/synonord.de\/fotopool\/wp-content\/uploads\/2025\/04\/fredak_Workshop_2025_mit_Maskenbildnerin_Beatrice-Rauch_Foto_Maren-Winter_002-768x512.jpg 768w\" sizes=\"auto, (max-width: 1500px) 100vw, 1500px\" \/><\/a>\n\t\t\t<\/dt><\/dl><dl class='gallery-item'>\n\t\t\t<dt class='gallery-icon landscape'>\n\t\t\t\t<a href='https:\/\/synonord.de\/fotopool\/wp-content\/uploads\/2025\/04\/fredak_Workshop_2025_mit_Maskenbildnerin_Beatrice-Rauch_Foto_Maren-Winter_006.jpg'><img loading=\"lazy\" decoding=\"async\" width=\"1500\" height=\"1000\" src=\"https:\/\/synonord.de\/fotopool\/wp-content\/uploads\/2025\/04\/fredak_Workshop_2025_mit_Maskenbildnerin_Beatrice-Rauch_Foto_Maren-Winter_006.jpg\" class=\"attachment-full size-full\" alt=\"\" srcset=\"https:\/\/synonord.de\/fotopool\/wp-content\/uploads\/2025\/04\/fredak_Workshop_2025_mit_Maskenbildnerin_Beatrice-Rauch_Foto_Maren-Winter_006.jpg 1500w, https:\/\/synonord.de\/fotopool\/wp-content\/uploads\/2025\/04\/fredak_Workshop_2025_mit_Maskenbildnerin_Beatrice-Rauch_Foto_Maren-Winter_006-350x233.jpg 350w, https:\/\/synonord.de\/fotopool\/wp-content\/uploads\/2025\/04\/fredak_Workshop_2025_mit_Maskenbildnerin_Beatrice-Rauch_Foto_Maren-Winter_006-768x512.jpg 768w\" sizes=\"auto, (max-width: 1500px) 100vw, 1500px\" \/><\/a>\n\t\t\t<\/dt><\/dl><br style=\"clear: both\" \/><dl class='gallery-item'>\n\t\t\t<dt class='gallery-icon landscape'>\n\t\t\t\t<a href='https:\/\/synonord.de\/fotopool\/wp-content\/uploads\/2025\/04\/fredak_Workshop_2025_mit_Maskenbildnerin_Beatrice-Rauch_Foto_Maren-Winter_001.jpg'><img loading=\"lazy\" decoding=\"async\" width=\"1500\" height=\"1000\" src=\"https:\/\/synonord.de\/fotopool\/wp-content\/uploads\/2025\/04\/fredak_Workshop_2025_mit_Maskenbildnerin_Beatrice-Rauch_Foto_Maren-Winter_001.jpg\" class=\"attachment-full size-full\" alt=\"\" srcset=\"https:\/\/synonord.de\/fotopool\/wp-content\/uploads\/2025\/04\/fredak_Workshop_2025_mit_Maskenbildnerin_Beatrice-Rauch_Foto_Maren-Winter_001.jpg 1500w, https:\/\/synonord.de\/fotopool\/wp-content\/uploads\/2025\/04\/fredak_Workshop_2025_mit_Maskenbildnerin_Beatrice-Rauch_Foto_Maren-Winter_001-350x233.jpg 350w, https:\/\/synonord.de\/fotopool\/wp-content\/uploads\/2025\/04\/fredak_Workshop_2025_mit_Maskenbildnerin_Beatrice-Rauch_Foto_Maren-Winter_001-768x512.jpg 768w\" sizes=\"auto, (max-width: 1500px) 100vw, 1500px\" \/><\/a>\n\t\t\t<\/dt><\/dl><dl class='gallery-item'>\n\t\t\t<dt class='gallery-icon landscape'>\n\t\t\t\t<a href='https:\/\/synonord.de\/fotopool\/wp-content\/uploads\/2025\/04\/fredak_Workshop_2025_mit_Maskenbildnerin_Beatrice-Rauch_Foto_Maren-Winter_011.jpg'><img loading=\"lazy\" decoding=\"async\" width=\"1500\" height=\"1000\" src=\"https:\/\/synonord.de\/fotopool\/wp-content\/uploads\/2025\/04\/fredak_Workshop_2025_mit_Maskenbildnerin_Beatrice-Rauch_Foto_Maren-Winter_011.jpg\" class=\"attachment-full size-full\" alt=\"\" srcset=\"https:\/\/synonord.de\/fotopool\/wp-content\/uploads\/2025\/04\/fredak_Workshop_2025_mit_Maskenbildnerin_Beatrice-Rauch_Foto_Maren-Winter_011.jpg 1500w, https:\/\/synonord.de\/fotopool\/wp-content\/uploads\/2025\/04\/fredak_Workshop_2025_mit_Maskenbildnerin_Beatrice-Rauch_Foto_Maren-Winter_011-350x233.jpg 350w, https:\/\/synonord.de\/fotopool\/wp-content\/uploads\/2025\/04\/fredak_Workshop_2025_mit_Maskenbildnerin_Beatrice-Rauch_Foto_Maren-Winter_011-768x512.jpg 768w\" sizes=\"auto, (max-width: 1500px) 100vw, 1500px\" \/><\/a>\n\t\t\t<\/dt><\/dl><dl class='gallery-item'>\n\t\t\t<dt class='gallery-icon landscape'>\n\t\t\t\t<a href='https:\/\/synonord.de\/fotopool\/wp-content\/uploads\/2025\/04\/fredak_Workshop_2025_mit_Maskenbildnerin_Beatrice-Rauch_Foto_Maren-Winter_012.jpg'><img loading=\"lazy\" decoding=\"async\" width=\"1500\" height=\"1000\" src=\"https:\/\/synonord.de\/fotopool\/wp-content\/uploads\/2025\/04\/fredak_Workshop_2025_mit_Maskenbildnerin_Beatrice-Rauch_Foto_Maren-Winter_012.jpg\" class=\"attachment-full size-full\" alt=\"\" srcset=\"https:\/\/synonord.de\/fotopool\/wp-content\/uploads\/2025\/04\/fredak_Workshop_2025_mit_Maskenbildnerin_Beatrice-Rauch_Foto_Maren-Winter_012.jpg 1500w, https:\/\/synonord.de\/fotopool\/wp-content\/uploads\/2025\/04\/fredak_Workshop_2025_mit_Maskenbildnerin_Beatrice-Rauch_Foto_Maren-Winter_012-350x233.jpg 350w, https:\/\/synonord.de\/fotopool\/wp-content\/uploads\/2025\/04\/fredak_Workshop_2025_mit_Maskenbildnerin_Beatrice-Rauch_Foto_Maren-Winter_012-768x512.jpg 768w\" sizes=\"auto, (max-width: 1500px) 100vw, 1500px\" \/><\/a>\n\t\t\t<\/dt><\/dl><dl class='gallery-item'>\n\t\t\t<dt class='gallery-icon landscape'>\n\t\t\t\t<a href='https:\/\/synonord.de\/fotopool\/wp-content\/uploads\/2025\/04\/fredak_Workshop_2025_mit_Maskenbildnerin_Beatrice-Rauch_Foto_Maren-Winter_003.jpg'><img loading=\"lazy\" decoding=\"async\" width=\"1500\" height=\"1000\" src=\"https:\/\/synonord.de\/fotopool\/wp-content\/uploads\/2025\/04\/fredak_Workshop_2025_mit_Maskenbildnerin_Beatrice-Rauch_Foto_Maren-Winter_003.jpg\" class=\"attachment-full size-full\" alt=\"\" srcset=\"https:\/\/synonord.de\/fotopool\/wp-content\/uploads\/2025\/04\/fredak_Workshop_2025_mit_Maskenbildnerin_Beatrice-Rauch_Foto_Maren-Winter_003.jpg 1500w, https:\/\/synonord.de\/fotopool\/wp-content\/uploads\/2025\/04\/fredak_Workshop_2025_mit_Maskenbildnerin_Beatrice-Rauch_Foto_Maren-Winter_003-350x233.jpg 350w, https:\/\/synonord.de\/fotopool\/wp-content\/uploads\/2025\/04\/fredak_Workshop_2025_mit_Maskenbildnerin_Beatrice-Rauch_Foto_Maren-Winter_003-768x512.jpg 768w\" sizes=\"auto, (max-width: 1500px) 100vw, 1500px\" \/><\/a>\n\t\t\t<\/dt><\/dl><br style=\"clear: both\" \/><dl class='gallery-item'>\n\t\t\t<dt class='gallery-icon landscape'>\n\t\t\t\t<a href='https:\/\/synonord.de\/fotopool\/wp-content\/uploads\/2025\/04\/fredak_Workshop_2025_mit_Maskenbildnerin_Beatrice-Rauch_Foto_Maren-Winter_009.jpg'><img loading=\"lazy\" decoding=\"async\" width=\"1500\" height=\"1000\" src=\"https:\/\/synonord.de\/fotopool\/wp-content\/uploads\/2025\/04\/fredak_Workshop_2025_mit_Maskenbildnerin_Beatrice-Rauch_Foto_Maren-Winter_009.jpg\" class=\"attachment-full size-full\" alt=\"\" srcset=\"https:\/\/synonord.de\/fotopool\/wp-content\/uploads\/2025\/04\/fredak_Workshop_2025_mit_Maskenbildnerin_Beatrice-Rauch_Foto_Maren-Winter_009.jpg 1500w, https:\/\/synonord.de\/fotopool\/wp-content\/uploads\/2025\/04\/fredak_Workshop_2025_mit_Maskenbildnerin_Beatrice-Rauch_Foto_Maren-Winter_009-350x233.jpg 350w, https:\/\/synonord.de\/fotopool\/wp-content\/uploads\/2025\/04\/fredak_Workshop_2025_mit_Maskenbildnerin_Beatrice-Rauch_Foto_Maren-Winter_009-768x512.jpg 768w\" sizes=\"auto, (max-width: 1500px) 100vw, 1500px\" \/><\/a>\n\t\t\t<\/dt><\/dl><dl class='gallery-item'>\n\t\t\t<dt class='gallery-icon landscape'>\n\t\t\t\t<a href='https:\/\/synonord.de\/fotopool\/wp-content\/uploads\/2025\/04\/fredak_Workshop_2025_mit_Maskenbildnerin_Beatrice-Rauch_Foto_Maren-Winter_008.jpg'><img loading=\"lazy\" decoding=\"async\" width=\"1500\" height=\"1000\" src=\"https:\/\/synonord.de\/fotopool\/wp-content\/uploads\/2025\/04\/fredak_Workshop_2025_mit_Maskenbildnerin_Beatrice-Rauch_Foto_Maren-Winter_008.jpg\" class=\"attachment-full size-full\" alt=\"\" srcset=\"https:\/\/synonord.de\/fotopool\/wp-content\/uploads\/2025\/04\/fredak_Workshop_2025_mit_Maskenbildnerin_Beatrice-Rauch_Foto_Maren-Winter_008.jpg 1500w, https:\/\/synonord.de\/fotopool\/wp-content\/uploads\/2025\/04\/fredak_Workshop_2025_mit_Maskenbildnerin_Beatrice-Rauch_Foto_Maren-Winter_008-350x233.jpg 350w, https:\/\/synonord.de\/fotopool\/wp-content\/uploads\/2025\/04\/fredak_Workshop_2025_mit_Maskenbildnerin_Beatrice-Rauch_Foto_Maren-Winter_008-768x512.jpg 768w\" sizes=\"auto, (max-width: 1500px) 100vw, 1500px\" \/><\/a>\n\t\t\t<\/dt><\/dl><dl class='gallery-item'>\n\t\t\t<dt class='gallery-icon landscape'>\n\t\t\t\t<a href='https:\/\/synonord.de\/fotopool\/wp-content\/uploads\/2025\/04\/fredak_Workshop_2025_mit_Maskenbildnerin_Beatrice-Rauch_Foto_Maren-Winter_007.jpg'><img loading=\"lazy\" decoding=\"async\" width=\"1500\" height=\"1000\" src=\"https:\/\/synonord.de\/fotopool\/wp-content\/uploads\/2025\/04\/fredak_Workshop_2025_mit_Maskenbildnerin_Beatrice-Rauch_Foto_Maren-Winter_007.jpg\" class=\"attachment-full size-full\" alt=\"\" srcset=\"https:\/\/synonord.de\/fotopool\/wp-content\/uploads\/2025\/04\/fredak_Workshop_2025_mit_Maskenbildnerin_Beatrice-Rauch_Foto_Maren-Winter_007.jpg 1500w, https:\/\/synonord.de\/fotopool\/wp-content\/uploads\/2025\/04\/fredak_Workshop_2025_mit_Maskenbildnerin_Beatrice-Rauch_Foto_Maren-Winter_007-350x233.jpg 350w, https:\/\/synonord.de\/fotopool\/wp-content\/uploads\/2025\/04\/fredak_Workshop_2025_mit_Maskenbildnerin_Beatrice-Rauch_Foto_Maren-Winter_007-768x512.jpg 768w\" sizes=\"auto, (max-width: 1500px) 100vw, 1500px\" \/><\/a>\n\t\t\t<\/dt><\/dl><dl class='gallery-item'>\n\t\t\t<dt class='gallery-icon landscape'>\n\t\t\t\t<a href='https:\/\/synonord.de\/fotopool\/wp-content\/uploads\/2025\/04\/fredak_Workshop_2025_mit_Maskenbildnerin_Beatrice-Rauch_Foto_Maren-Winter_005.jpg'><img loading=\"lazy\" decoding=\"async\" width=\"1500\" height=\"1000\" src=\"https:\/\/synonord.de\/fotopool\/wp-content\/uploads\/2025\/04\/fredak_Workshop_2025_mit_Maskenbildnerin_Beatrice-Rauch_Foto_Maren-Winter_005.jpg\" class=\"attachment-full size-full\" alt=\"\" srcset=\"https:\/\/synonord.de\/fotopool\/wp-content\/uploads\/2025\/04\/fredak_Workshop_2025_mit_Maskenbildnerin_Beatrice-Rauch_Foto_Maren-Winter_005.jpg 1500w, https:\/\/synonord.de\/fotopool\/wp-content\/uploads\/2025\/04\/fredak_Workshop_2025_mit_Maskenbildnerin_Beatrice-Rauch_Foto_Maren-Winter_005-350x233.jpg 350w, https:\/\/synonord.de\/fotopool\/wp-content\/uploads\/2025\/04\/fredak_Workshop_2025_mit_Maskenbildnerin_Beatrice-Rauch_Foto_Maren-Winter_005-768x512.jpg 768w\" sizes=\"auto, (max-width: 1500px) 100vw, 1500px\" \/><\/a>\n\t\t\t<\/dt><\/dl><br style=\"clear: both\" \/><dl class='gallery-item'>\n\t\t\t<dt class='gallery-icon landscape'>\n\t\t\t\t<a href='https:\/\/synonord.de\/fotopool\/wp-content\/uploads\/2025\/04\/fredak_Workshop_2025_mit_Maskenbildnerin_Beatrice-Rauch_Foto_Maren-Winter_013.jpg'><img loading=\"lazy\" decoding=\"async\" width=\"1500\" height=\"1000\" src=\"https:\/\/synonord.de\/fotopool\/wp-content\/uploads\/2025\/04\/fredak_Workshop_2025_mit_Maskenbildnerin_Beatrice-Rauch_Foto_Maren-Winter_013.jpg\" class=\"attachment-full size-full\" alt=\"\" srcset=\"https:\/\/synonord.de\/fotopool\/wp-content\/uploads\/2025\/04\/fredak_Workshop_2025_mit_Maskenbildnerin_Beatrice-Rauch_Foto_Maren-Winter_013.jpg 1500w, https:\/\/synonord.de\/fotopool\/wp-content\/uploads\/2025\/04\/fredak_Workshop_2025_mit_Maskenbildnerin_Beatrice-Rauch_Foto_Maren-Winter_013-350x233.jpg 350w, https:\/\/synonord.de\/fotopool\/wp-content\/uploads\/2025\/04\/fredak_Workshop_2025_mit_Maskenbildnerin_Beatrice-Rauch_Foto_Maren-Winter_013-768x512.jpg 768w\" sizes=\"auto, (max-width: 1500px) 100vw, 1500px\" \/><\/a>\n\t\t\t<\/dt><\/dl><dl class='gallery-item'>\n\t\t\t<dt class='gallery-icon landscape'>\n\t\t\t\t<a href='https:\/\/synonord.de\/fotopool\/wp-content\/uploads\/2025\/04\/fredak_Workshop_2025_mit_Maskenbildnerin_Beatrice-Rauch_Foto_Maren-Winter_014.jpg'><img loading=\"lazy\" decoding=\"async\" width=\"1500\" height=\"1000\" src=\"https:\/\/synonord.de\/fotopool\/wp-content\/uploads\/2025\/04\/fredak_Workshop_2025_mit_Maskenbildnerin_Beatrice-Rauch_Foto_Maren-Winter_014.jpg\" class=\"attachment-full size-full\" alt=\"\" srcset=\"https:\/\/synonord.de\/fotopool\/wp-content\/uploads\/2025\/04\/fredak_Workshop_2025_mit_Maskenbildnerin_Beatrice-Rauch_Foto_Maren-Winter_014.jpg 1500w, https:\/\/synonord.de\/fotopool\/wp-content\/uploads\/2025\/04\/fredak_Workshop_2025_mit_Maskenbildnerin_Beatrice-Rauch_Foto_Maren-Winter_014-350x233.jpg 350w, https:\/\/synonord.de\/fotopool\/wp-content\/uploads\/2025\/04\/fredak_Workshop_2025_mit_Maskenbildnerin_Beatrice-Rauch_Foto_Maren-Winter_014-768x512.jpg 768w\" sizes=\"auto, (max-width: 1500px) 100vw, 1500px\" \/><\/a>\n\t\t\t<\/dt><\/dl><dl class='gallery-item'>\n\t\t\t<dt class='gallery-icon landscape'>\n\t\t\t\t<a href='https:\/\/synonord.de\/fotopool\/wp-content\/uploads\/2025\/04\/fredak_Workshop_2025_mit_Maskenbildnerin_Beatrice-Rauch_Foto_Maren-Winter_004.jpg'><img loading=\"lazy\" decoding=\"async\" width=\"1500\" height=\"1000\" src=\"https:\/\/synonord.de\/fotopool\/wp-content\/uploads\/2025\/04\/fredak_Workshop_2025_mit_Maskenbildnerin_Beatrice-Rauch_Foto_Maren-Winter_004.jpg\" class=\"attachment-full size-full\" alt=\"\" srcset=\"https:\/\/synonord.de\/fotopool\/wp-content\/uploads\/2025\/04\/fredak_Workshop_2025_mit_Maskenbildnerin_Beatrice-Rauch_Foto_Maren-Winter_004.jpg 1500w, https:\/\/synonord.de\/fotopool\/wp-content\/uploads\/2025\/04\/fredak_Workshop_2025_mit_Maskenbildnerin_Beatrice-Rauch_Foto_Maren-Winter_004-350x233.jpg 350w, https:\/\/synonord.de\/fotopool\/wp-content\/uploads\/2025\/04\/fredak_Workshop_2025_mit_Maskenbildnerin_Beatrice-Rauch_Foto_Maren-Winter_004-768x512.jpg 768w\" sizes=\"auto, (max-width: 1500px) 100vw, 1500px\" \/><\/a>\n\t\t\t<\/dt><\/dl>\n\t\t\t<br style='clear: both' \/>\n\t\t<\/div>\n\n","protected":false},"excerpt":{"rendered":"<p>Fotos aus dem Workshop von fredak MV 2025 in Lehsten mit Maskenbildnerin Beatrice Rauch Schnappsch\u00fcsse \u00a0 Foto-Download: Die Vorschaubilder mit einem Klick vergr\u00f6\u00dfern | ganz oben rechts auf das Downloadsymbol (kleine Wolke mit Pfeil nach unten) klicken \u00a0 Die folgenden Fotos d\u00fcrfen ausschlie\u00dflich im Zusammenhang mit der jeweiligen B\u00fchne \/ <span class=\"excerpt-dots\">&hellip;<\/span> <a class=\"more-link\" href=\"https:\/\/synonord.de\/fotopool\/workshop-buehnenschminken\/\"><span class=\"more-msg\">Weiterlesen &rarr;<\/span><\/a><\/p>\n","protected":false},"author":1,"featured_media":149,"comment_status":"closed","ping_status":"closed","sticky":false,"template":"","format":"standard","meta":{"footnotes":""},"categories":[3],"tags":[],"class_list":["post-140","post","type-post","status-publish","format-standard","has-post-thumbnail","hentry","category-lehsten-2025"],"_links":{"self":[{"href":"https:\/\/synonord.de\/fotopool\/wp-json\/wp\/v2\/posts\/140","targetHints":{"allow":["GET"]}}],"collection":[{"href":"https:\/\/synonord.de\/fotopool\/wp-json\/wp\/v2\/posts"}],"about":[{"href":"https:\/\/synonord.de\/fotopool\/wp-json\/wp\/v2\/types\/post"}],"author":[{"embeddable":true,"href":"https:\/\/synonord.de\/fotopool\/wp-json\/wp\/v2\/users\/1"}],"replies":[{"embeddable":true,"href":"https:\/\/synonord.de\/fotopool\/wp-json\/wp\/v2\/comments?post=140"}],"version-history":[{"count":7,"href":"https:\/\/synonord.de\/fotopool\/wp-json\/wp\/v2\/posts\/140\/revisions"}],"predecessor-version":[{"id":404,"href":"https:\/\/synonord.de\/fotopool\/wp-json\/wp\/v2\/posts\/140\/revisions\/404"}],"wp:featuredmedia":[{"embeddable":true,"href":"https:\/\/synonord.de\/fotopool\/wp-json\/wp\/v2\/media\/149"}],"wp:attachment":[{"href":"https:\/\/synonord.de\/fotopool\/wp-json\/wp\/v2\/media?parent=140"}],"wp:term":[{"taxonomy":"category","embeddable":true,"href":"https:\/\/synonord.de\/fotopool\/wp-json\/wp\/v2\/categories?post=140"},{"taxonomy":"post_tag","embeddable":true,"href":"https:\/\/synonord.de\/fotopool\/wp-json\/wp\/v2\/tags?post=140"}],"curies":[{"name":"wp","href":"https:\/\/api.w.org\/{rel}","templated":true}]}}